{"id":204,"date":"2025-02-20T15:48:37","date_gmt":"2025-02-20T14:48:37","guid":{"rendered":"https:\/\/cuc.chiesacattolica.it\/?p=204"},"modified":"2025-02-21T12:09:35","modified_gmt":"2025-02-21T11:09:35","slug":"annuario-cuc-2024-2024","status":"publish","type":"post","link":"https:\/\/cuc.chiesacattolica.it\/?p=204","title":{"rendered":"Annuario CUC 2024 \/ 2025"},"content":{"rendered":"\n<figure class=\"wp-block-table is-style-stripes\"><table class=\"has-fixed-layout\"><tbody><tr><td><strong>BORSISTA<\/strong><\/td><td><strong>AREA DISCIPLINARE<\/strong><\/td><td><strong>TITOLO DEL PROGETTO<\/strong><\/td><\/tr><tr><td>Gianluca Di Mario<\/td><td>Arte<\/td><td>Il bugnato a punta di diamante nell&#8217;Italia moderna: origini crociate, impiego militare, simbologia gerosolimitana<\/td><\/tr><tr><td>Alessandro Pinto Folicaldi<\/td><td>Arte<\/td><td>La Bibbia di Sisto V. Un racconto per immagini tra Scala Santa e Palazzo Apostolico Lateranense<\/td><\/tr><tr><td>Giulia Cabra<\/td><td>Filosofia<\/td><td>Emozioni e valori tra oggettivit\u00e0 e relativit\u00e0: una prospettiva husserliana<\/td><\/tr><tr><td>Edoardo Ghezzani<\/td><td>Filosofia<\/td><td>Vulnerabilit\u00e0, dipendenza e fragilit\u00e0. La via di Chiara e Francesco come possibile modello relazionale di cura nelle disabilit\u00e0 gravi e profonde. Sguardi su un cristianesimo operativo<\/td><\/tr><tr><td>Filippo Moretti<\/td><td>Filosofia<\/td><td>Cristianesimo, Ebraismo ed Islam tra Medioevo e Rinascimento: prospettive a confronto per un possibile dialogo interreligioso<\/td><\/tr><tr><td>Manfredi Pirajno<\/td><td>Filosofia<\/td><td>La persona e l&#8217;essere: il contributo di Joseph De Finance a un&#8217;ontologia del soggetto umano<\/td><\/tr><tr><td>Luca Preziosi<\/td><td>Filosofia<\/td><td>La rielaborazione pareysoniana dell&#8217;ultimo Schelling: dal negativo al positivo<\/td><\/tr><tr><td>Teresa Balduzzi<\/td><td>Giurisprudenza<\/td><td>Intelligenza artificiale e relazione di cura. Studio sulle condizioni e i percorsi di una tutela della salute ispirata dal principio personalista<\/td><\/tr><tr><td>Alfredo Battisti<\/td><td>Giurisprudenza<\/td><td>L&#8217;ordine pubblico del caso concreto come strumento di incontro tra diritti di famiglia di diversa ispirazione religiosa<\/td><\/tr><tr><td>Federico Rizzolo<\/td><td>Giursprudenza<\/td><td>La responsabilit\u00e0 penale del produttore di sistemi di intelligenza artificiale per le lesioni cagionate da tali sistemi ai diritti dei consociati<\/td><\/tr><tr><td>Alessandro Benedusi<\/td><td>Letteratura<\/td><td>Ferreto Ferreti (1294-1337) e la fondazione della storiografia umanistica da Albertino Mussato a Francesco Petrarca. Studio, edizione e commento dell&#8221;&#8217;Historia rerum in Italia gestarum&#8221;<\/td><\/tr><tr><td>Giacomo Guido<\/td><td>Scienze Mediche<\/td><td>Confronto dell&#8217;efficacia dell&#8217;ecografia toracica, della radiografia toracica e della diagnosi assistita dal computer (CAD) per la diagnosi della tubercolosi in un contesto a basse risorse: uno studio trasversale dall&#8217;Etiopia<\/td><\/tr><tr><td>Leonardo Faggian<\/td><td>Scienze Naturali Matematiche e Fisiche<\/td><td>Sviluppo di soluzioni biotecnologiche per approcci di bioraffineria delle bioplastiche a fine vita<\/td><\/tr><tr><td>Simone Zuccarelli<\/td><td>Scienze Sociali e Politiche<\/td><td>L&#8217;influenza del pensiero cattolico nell&#8217;elaborazione del conservatorismo statunitense. Inquadramento teorico e riflesso nella prassi della politica estera di Washington fra Guerra Fredda e periodo post-bipolare<\/td><\/tr><tr><td>Andrea Raffaele Aquino<\/td><td>Storia<\/td><td>Il cardinale unionista. Isidoro di Kiev e il suo entourage tra politica italiana e progetti di crociata (1453-1463)<\/td><\/tr><tr><td>Giovanni Di Bella<\/td><td>Storia<\/td><td>&nbsp;tartari nella predicazione del domenicano Giordano da Pisa 1300-1310<\/td><\/tr><tr><td>Chiara Dommarco<\/td><td>Storia<\/td><td>Santa Sede, rapporto interconfessionali e diplomazia della carit\u00e0 in Europa orientale e in URSS (1925:1963): nuove fonti archivistiche<\/td><\/tr><\/tbody><\/table><\/figure>\n","protected":false},"excerpt":{"rendered":"<p>BORSISTA AREA DISCIPLINARE TITOLO DEL PROGETTO Gianluca Di Mario Arte Il bugnato a punta di diamante nell&#8217;Italia moderna: origini crociate, impiego militare, simbologia gerosolimitana Alessandro&#8230;<\/p>\n<div class=\"more-link-wrapper\"><a class=\"more-link\" href=\"https:\/\/cuc.chiesacattolica.it\/?p=204\">Continua a leggere<span class=\"screen-reader-text\">Annuario CUC 2024 \/ 2025<\/span> <i class=\"fas fa-angle-right\"><\/i><\/a><\/div>\n","protected":false},"author":1,"featured_media":0,"comment_status":"open","ping_status":"open","sticky":false,"template":"","format":"standard","meta":{"footnotes":""},"categories":[25],"tags":[],"class_list":["post-204","post","type-post","status-publish","format-standard","hentry","category-borse2425","entry"],"_links":{"self":[{"href":"https:\/\/cuc.chiesacattolica.it\/index.php?rest_route=\/wp\/v2\/posts\/204","targetHints":{"allow":["GET"]}}],"collection":[{"href":"https:\/\/cuc.chiesacattolica.it\/index.php?rest_route=\/wp\/v2\/posts"}],"about":[{"href":"https:\/\/cuc.chiesacattolica.it\/index.php?rest_route=\/wp\/v2\/types\/post"}],"author":[{"embeddable":true,"href":"https:\/\/cuc.chiesacattolica.it\/index.php?rest_route=\/wp\/v2\/users\/1"}],"replies":[{"embeddable":true,"href":"https:\/\/cuc.chiesacattolica.it\/index.php?rest_route=%2Fwp%2Fv2%2Fcomments&post=204"}],"version-history":[{"count":3,"href":"https:\/\/cuc.chiesacattolica.it\/index.php?rest_route=\/wp\/v2\/posts\/204\/revisions"}],"predecessor-version":[{"id":208,"href":"https:\/\/cuc.chiesacattolica.it\/index.php?rest_route=\/wp\/v2\/posts\/204\/revisions\/208"}],"wp:attachment":[{"href":"https:\/\/cuc.chiesacattolica.it\/index.php?rest_route=%2Fwp%2Fv2%2Fmedia&parent=204"}],"wp:term":[{"taxonomy":"category","embeddable":true,"href":"https:\/\/cuc.chiesacattolica.it\/index.php?rest_route=%2Fwp%2Fv2%2Fcategories&post=204"},{"taxonomy":"post_tag","embeddable":true,"href":"https:\/\/cuc.chiesacattolica.it\/index.php?rest_route=%2Fwp%2Fv2%2Ftags&post=204"}],"curies":[{"name":"wp","href":"https:\/\/api.w.org\/{rel}","templated":true}]}}